{"id":1011,"date":"2025-12-05T13:41:52","date_gmt":"2025-12-05T12:41:52","guid":{"rendered":"https:\/\/ronna-montafon.at\/?p=1011"},"modified":"2025-12-05T13:41:52","modified_gmt":"2025-12-05T12:41:52","slug":"oeffnungszeiten-fuer-den-saisonstart-und-die-feiertage-2025-2025","status":"publish","type":"post","link":"https:\/\/ronna-montafon.at\/index.php\/2025\/12\/05\/oeffnungszeiten-fuer-den-saisonstart-und-die-feiertage-2025-2025\/","title":{"rendered":"\u00d6ffnungszeiten f\u00fcr den Saisonstart und die Feiertage 2025 \/ 2025"},"content":{"rendered":"<p>[et_pb_section fb_built=&#8220;1&#8243; _builder_version=&#8220;4.16&#8243; global_colors_info=&#8220;{}&#8220;][et_pb_row _builder_version=&#8220;4.16&#8243; background_size=&#8220;initial&#8220; background_position=&#8220;top_left&#8220; background_repeat=&#8220;repeat&#8220; global_colors_info=&#8220;{}&#8220;][et_pb_column type=&#8220;4_4&#8243; _builder_version=&#8220;4.16&#8243; custom_padding=&#8220;|||&#8220; global_colors_info=&#8220;{}&#8220; custom_padding__hover=&#8220;|||&#8220;][et_pb_text _builder_version=&#8220;4.27.4&#8243; _module_preset=&#8220;default&#8220; text_font_size=&#8220;17px&#8220; header_font=&#8220;|800||on|||||&#8220; header_text_color=&#8220;#682e2f&#8220; header_font_size=&#8220;60px&#8220; vertical_offset_tablet=&#8220;0&#8243; horizontal_offset_tablet=&#8220;0&#8243; custom_margin=&#8220;10px|10px|10px|10px|false|false&#8220; custom_padding=&#8220;10px|10px|10px|10px|false|false&#8220; text_font_size_tablet=&#8220;&#8220; text_font_size_phone=&#8220;15px&#8220; text_font_size_last_edited=&#8220;on|phone&#8220; header_font_size_tablet=&#8220;45px&#8220; header_font_size_phone=&#8220;23px&#8220; header_font_size_last_edited=&#8220;on|phone&#8220; z_index_tablet=&#8220;0&#8243; text_text_shadow_horizontal_length_tablet=&#8220;0px&#8220; text_text_shadow_vertical_length_tablet=&#8220;0px&#8220; text_text_shadow_blur_strength_tablet=&#8220;1px&#8220; link_text_shadow_horizontal_length_tablet=&#8220;0px&#8220; link_text_shadow_vertical_length_tablet=&#8220;0px&#8220; link_text_shadow_blur_strength_tablet=&#8220;1px&#8220; ul_text_shadow_horizontal_length_tablet=&#8220;0px&#8220; ul_text_shadow_vertical_length_tablet=&#8220;0px&#8220; ul_text_shadow_blur_strength_tablet=&#8220;1px&#8220; ol_text_shadow_horizontal_length_tablet=&#8220;0px&#8220; ol_text_shadow_vertical_length_tablet=&#8220;0px&#8220; ol_text_shadow_blur_strength_tablet=&#8220;1px&#8220; quote_text_shadow_horizontal_length_tablet=&#8220;0px&#8220; quote_text_shadow_vertical_length_tablet=&#8220;0px&#8220; quote_text_shadow_blur_strength_tablet=&#8220;1px&#8220; header_text_shadow_horizontal_length_tablet=&#8220;0px&#8220; header_text_shadow_vertical_length_tablet=&#8220;0px&#8220; header_text_shadow_blur_strength_tablet=&#8220;1px&#8220; header_2_text_shadow_horizontal_length_tablet=&#8220;0px&#8220; header_2_text_shadow_vertical_length_tablet=&#8220;0px&#8220; header_2_text_shadow_blur_strength_tablet=&#8220;1px&#8220; header_3_text_shadow_horizontal_length_tablet=&#8220;0px&#8220; header_3_text_shadow_vertical_length_tablet=&#8220;0px&#8220; header_3_text_shadow_blur_strength_tablet=&#8220;1px&#8220; header_4_text_shadow_horizontal_length_tablet=&#8220;0px&#8220; header_4_text_shadow_vertical_length_tablet=&#8220;0px&#8220; header_4_text_shadow_blur_strength_tablet=&#8220;1px&#8220; header_5_text_shadow_horizontal_length_tablet=&#8220;0px&#8220; header_5_text_shadow_vertical_length_tablet=&#8220;0px&#8220; header_5_text_shadow_blur_strength_tablet=&#8220;1px&#8220; header_6_text_shadow_horizontal_length_tablet=&#8220;0px&#8220; header_6_text_shadow_vertical_length_tablet=&#8220;0px&#8220; header_6_text_shadow_blur_strength_tablet=&#8220;1px&#8220; box_shadow_horizontal_tablet=&#8220;0px&#8220; box_shadow_vertical_tablet=&#8220;0px&#8220; box_shadow_blur_tablet=&#8220;40px&#8220; box_shadow_spread_tablet=&#8220;0px&#8220; global_colors_info=&#8220;{}&#8220;]<\/p>\n<p>Die Wintersaison im Restaurant Ronna in Gargellen steht vor der T\u00fcr und wir freuen uns, Sie<\/p>\n<h1>ab dem 12. Dezember 2025<\/h1>\n<p>wieder bei uns begr\u00fc\u00dfen zu d\u00fcrfen! Bis zum 10. J\u00e4nner 2026 verw\u00f6hnen wir Sie t\u00e4glich von 12:00 bis 21:00 Uhr mit unserer warmen K\u00fcche \u2013 lassen Sie sich von regionalen Spezialit\u00e4ten und kulinarischen Highlights begeistern. An unserer Bar ist anschlie\u00dfend Open End, sodass Sie den Abend in geselliger Runde entspannt ausklingen lassen k\u00f6nnen.<\/p>\n<p><strong>Bitte beachten Sie, dass unser Lokal am 24. Dezember geschlossen bleibt, damit auch unser Team das Weihnachtsfest im Kreise der Familie genie\u00dfen kann. An allen anderen Tagen sind wir voller Freude und Gastfreundschaft f\u00fcr Sie da!<\/strong><\/p>\n<p>Kommen Sie vorbei, erleben Sie die winterliche Gem\u00fctlichkeit, genie\u00dfen Sie unsere herzhaften Gerichte und machen Sie Ihren Winterurlaub im Montafon zu einer unvergesslichen Zeit. Wir freuen uns auf Ihren Besuch im Restaurant und Caf\u00e9 Ronna!<\/p>\n<p>[\/et_pb_text][\/et_pb_column][\/et_pb_row][\/et_pb_section]<\/p>\n","protected":false},"excerpt":{"rendered":"<p>Die Wintersaison im Restaurant Ronna in Gargellen steht vor der T\u00fcr und wir freuen uns, Sieab dem 12. Dezember 2025wieder bei uns begr\u00fc\u00dfen zu d\u00fcrfen! Bis zum 10. J\u00e4nner 2026 verw\u00f6hnen wir Sie t\u00e4glich von 12:00 bis 21:00 Uhr mit unserer warmen K\u00fcche \u2013 lassen Sie sich von regionalen Spezialit\u00e4ten und kulinarischen Highlights begeistern. An [&hellip;]<\/p>\n","protected":false},"author":2,"featured_media":838,"comment_status":"closed","ping_status":"closed","sticky":false,"template":"","format":"standard","meta":{"_et_pb_use_builder":"on","_et_pb_old_content":"","_et_gb_content_width":"","_jetpack_memberships_contains_paid_content":false,"footnotes":""},"categories":[11],"tags":[],"class_list":["post-1011","post","type-post","status-publish","format-standard","has-post-thumbnail","hentry","category-news"],"jetpack_featured_media_url":"https:\/\/ronna-montafon.at\/wp-content\/uploads\/2025\/12\/Ronna_Restaurant_Cafe_Montafon_SF-73.jpg","jetpack_sharing_enabled":true,"_links":{"self":[{"href":"https:\/\/ronna-montafon.at\/index.php\/wp-json\/wp\/v2\/posts\/1011","targetHints":{"allow":["GET"]}}],"collection":[{"href":"https:\/\/ronna-montafon.at\/index.php\/wp-json\/wp\/v2\/posts"}],"about":[{"href":"https:\/\/ronna-montafon.at\/index.php\/wp-json\/wp\/v2\/types\/post"}],"author":[{"embeddable":true,"href":"https:\/\/ronna-montafon.at\/index.php\/wp-json\/wp\/v2\/users\/2"}],"replies":[{"embeddable":true,"href":"https:\/\/ronna-montafon.at\/index.php\/wp-json\/wp\/v2\/comments?post=1011"}],"version-history":[{"count":2,"href":"https:\/\/ronna-montafon.at\/index.php\/wp-json\/wp\/v2\/posts\/1011\/revisions"}],"predecessor-version":[{"id":1013,"href":"https:\/\/ronna-montafon.at\/index.php\/wp-json\/wp\/v2\/posts\/1011\/revisions\/1013"}],"wp:featuredmedia":[{"embeddable":true,"href":"https:\/\/ronna-montafon.at\/index.php\/wp-json\/wp\/v2\/media\/838"}],"wp:attachment":[{"href":"https:\/\/ronna-montafon.at\/index.php\/wp-json\/wp\/v2\/media?parent=1011"}],"wp:term":[{"taxonomy":"category","embeddable":true,"href":"https:\/\/ronna-montafon.at\/index.php\/wp-json\/wp\/v2\/categories?post=1011"},{"taxonomy":"post_tag","embeddable":true,"href":"https:\/\/ronna-montafon.at\/index.php\/wp-json\/wp\/v2\/tags?post=1011"}],"curies":[{"name":"wp","href":"https:\/\/api.w.org\/{rel}","templated":true}]}}